{"id":6885,"date":"2019-03-26T02:35:07","date_gmt":"2019-03-26T01:35:07","guid":{"rendered":"https:\/\/thehiketribe.com\/de\/?p=6885"},"modified":"2019-03-26T05:17:06","modified_gmt":"2019-03-26T04:17:06","slug":"fjaellraeven-kanken","status":"publish","type":"post","link":"https:\/\/thehiketribe.com\/de\/fjaellraeven-kanken\/","title":{"rendered":"Fj\u00e4llr\u00e4ven K\u00e5nken im Test"},"content":{"rendered":"<p><b>Der Fj\u00e4llr\u00e4ven K\u00e5nken ist inzwischen Kult und hat die schwedische Outdoor-Marke in unseren Alltag gebracht. Im Rahmen einer Kooperation mit Sportscheck habe ich den beliebten Rucksack als Testprodukt erhalten und mehrere Wochen getestet.<\/b><\/p>\n<p>Wusstest du, dass der K\u00e5nken Rucksack f\u00fcr schwedische Schulkinder auf den Markt gebracht wurde, um sie vor Haltungssch\u00e4den zu bewahren? <\/p>\n<p>Heute ist er auf der ganzen Welt gefragt und wird f\u00fcr die verschiedensten Zwecke eingesetzt: Ob der Fj\u00e4llr\u00e4ven Klassiker seinem Ruf gerecht wird verrate ich dir in diesem Beitrag. <\/p>\n<blockquote><p><b>Auf einen Blick:<\/b> Der Fj\u00e4llr\u00e4ven K\u00e5nken \u00fcberzeugt zwar nicht als Wanderrucksack, daf\u00fcr aber bei einfachen Ausfl\u00fcgen in die Natur, Stadtbesichtigungen, als Handgep\u00e4ck und nat\u00fcrlich als Fashionstatement in allen Farben des Regenbogens.<\/p><\/blockquote>\n<h2>Fj\u00e4llr\u00e4ven K\u00e5nken Produktdetails<\/h2>\n<ul>\n<li>Hersteller: Fj\u00e4llr\u00e4ven<\/li>\n<li>Volumen: 16 Liter<\/li>\n<li>Gr\u00f6\u00dfe: 38 x 27 x 13 cm<\/li>\n<li>Gewicht: 300 Gramm<\/li>\n<li>Material: Vinylon F: 100% vinylal<\/li>\n<\/ul>\n<h2>Fj\u00e4llr\u00e4ven K\u00e5nken Testbericht<\/h2>\n<p><b>Erster Eindruck:<\/b> Der Fj\u00e4llr\u00e4ven K\u00e5nken ist mit seinen 16 Litern Volumen sehr klein und sieht an einem gro\u00dfen Mann ziemlich verloren aus. Kein Wunder, der Rucksack diente ja auch mal als Schulrucksack f\u00fcr Kinder. Mit der richtigen Einstellung sieht er auf meinem R\u00fccken jedoch richtig gut aus.<\/p>\n<p>Der Rucksack ist schlicht, in meiner gew\u00e4hlten Farbe Ox Red jedoch trotzdem ein Hingucker, insbesondere das reflektierende Fj\u00e4llr\u00e4ven Logo ragt bei der kr\u00e4ftigen Farbe wunderbar heraus. Das Material f\u00fchlt sich robust an, Reissverschl\u00fcsse und N\u00e4hte wirken hochwertig. <\/p>\n<p>Im Rucksackinneren gibt es ein Namens- und Adressetikett, das ausgef\u00fcllt werden kann. Das erinnert mich sehr an meine Schulzeit und der Streber in mir hat das Etikett direkt ausgef\u00fcllt.<\/p>\n<p><b>Gewicht:<\/b> Der Tagesrucksack ist aufgrund seiner schlichten Ausstattung und dem leichten Vinylon F Material federleicht im Gesamtgewicht. Das ist gerade bei leichten Tagesausfl\u00fcgen in die Natur, bei einer Stadtbesichtigung oder auf dem Weg zur Arbeit oder zur Uni von gro\u00dfem Vorteil. <\/p>\n<p>Denn in diesen F\u00e4llen braucht es weder ein ausgekl\u00fcgeltes Tragesystem oder eine R\u00fcckenbel\u00fcftung, welche sich im Rucksackgewicht bemerkbar machen w\u00fcrden. <\/p>\n<p><b>Tragesystem:<\/b> Das Tragesystem des Rucksacks besteht aus verstellbaren schmalen Schultergurten. Aufgrund der Tatsache, dass die Gurte schmal und nicht gepolstert sind empfehle ich ihn weder f\u00fcr anspruchsvolle Outdooraktivit\u00e4ten, noch f\u00fcr das Transportieren von schweren Lasten.<\/p>\n<p>Eine R\u00fcckenbel\u00fcftung ist beim K\u00e5nken nicht vorhanden. Er verf\u00fcgt aber \u00fcber ein im Innenfach verstautes und herausnehmbares Sitzkissen, das als eine angenehme Polsterung zwischen R\u00fccken und Rucksackinhalt dient.<\/p>\n<p>Der K\u00e5nken kann aber auch als &#8222;Handtasche&#8220; getragen werden, wenn die Schultergurte ganz verk\u00fcrzt werden und er an den Tragegriffen der Oberseite getragen wird. Verschlossen werden k\u00f6nnen die Gurte \u00fcber einen Druckknopf mit Fj\u00e4llr\u00e4ven Logo.<\/p>\n<p><b>Material und Stabilit\u00e4t:<\/b> Das Material besteht in diesem Fall zwar nicht aus dem ber\u00fchmten G-1000 Material. Es ist jedoch trotzdem robust und strapazierf\u00e4hig und weist Schmutz und N\u00e4sse ab. Die N\u00e4hte und Reissverschl\u00fcsse sind sehr stabil und hochwertig ausgef\u00fchrt. Viele Kundenstimmen behaupten, sie tragen den Rucksack schon seit Jahrzehnten, was auch f\u00fcr die hohe Qualit\u00e4t spricht. <\/p>\n<p>Bei starker N\u00e4sse kann der Rucksack auf die Kleidung abf\u00e4rben, daher ist insbesondere die Kombination roter K\u00e5nken und weisse Kleidung bei Regen riskant. Deswegen empfiehlt Fj\u00e4llr\u00e4ven den Rucksack nach dem Kauf direkt mit lauwarmem Wasser abzuwaschen, um ein Abf\u00e4rben der kr\u00e4ftigen Farbe zu vermeiden. <\/p>\n<p><b>Ausstattung und Funktionalit\u00e4t:<\/b> Die Ausstattung ist schlicht aber praktisch: Das Hauptfach kann \u00fcber einen Rei\u00dfverschluss ganz ge\u00f6ffnet und bepackt werden. Im Rucksackinneren gibt es ein Innenfach, in dem das herausnehmbares Sitzkissen verstaut ist. Wenn du unterwegs bist eignet sich das Sitzkissen gut f\u00fcr eine bequeme Pause. <\/p>\n<p>Der \u00e4u\u00dfere Teil verf\u00fcgt \u00fcber eine kleine Fronttasche und zwei kleine Seitentaschen, in denen du Dinge verstauen kannst, an die du schnell ranmusst. Auch das reflektierende Logo ist praktisch, um im Dunkeln besser gesehen zu werden. <\/p>\n<p><b>Einsatzbereich:<\/b> Ich habe ihn bereits bei einem St\u00e4dtetrip, beim Einkaufen, einer kleinen Gipfelbesteigung in Blaubeuren und zum Transportieren meiner Arbeitsutensilien getestet. Er eignet sich hervorragend, wenn du mit wenig Gewicht unterwegs bist. <\/p>\n<p>Die Innentasche hat genug Platz f\u00fcr meinen 13 Zoll Laptop inklusive Laptoptasche. Allerdings empfiehlt Fj\u00e4llr\u00e4ven die K\u00e5nken Laptop Variante, um den Rucksack nicht zu schweren Belastungen auszusetzen. Das kannst du handhaben wie du willst, f\u00fcr mich reicht bislang auch das Original wunderbar.<\/p>\n<blockquote><p><b>Gut zu wissen:<\/b> Wem die Ma\u00dfe des Originals zu klein oder zu gro\u00df sind schaut sich nach dem K\u00e5nken Big oder K\u00e5nken Mini um. Ausserdem gibt es in der Familie auch das Modell No. 2 mit dem besonders robusten G-1000 Material, den Re-K\u00e5nken aus recycleten Plastikflaschen und den K\u00e5nken Laptop.<\/p><\/blockquote>\n<h2>Fj\u00e4llr\u00e4ven K\u00e5nken Produktbilder<\/h2>\n<p><figure id=\"attachment_7125\" aria-describedby=\"caption-attachment-7125\" style=\"width: 678px\" class=\"wp-caption aligncenter\"><img loading=\"lazy\" decoding=\"async\" src=\"https:\/\/thehiketribe.com\/de\/wp-content\/uploads\/Fjaellraeven-Kanken-Tagesrucksack.jpg\" alt=\"\" width=\"678\" height=\"381\" class=\"size-full wp-image-7125\" srcset=\"https:\/\/thehiketribe.com\/de\/wp-content\/uploads\/Fjaellraeven-Kanken-Tagesrucksack.jpg 678w, https:\/\/thehiketribe.com\/de\/wp-content\/uploads\/Fjaellraeven-Kanken-Tagesrucksack-300x169.jpg 300w, https:\/\/thehiketribe.com\/de\/wp-content\/uploads\/Fjaellraeven-Kanken-Tagesrucksack-150x84.jpg 150w, https:\/\/thehiketribe.com\/de\/wp-content\/uploads\/Fjaellraeven-Kanken-Tagesrucksack-360x202.jpg 360w, https:\/\/thehiketribe.com\/de\/wp-content\/uploads\/Fjaellraeven-Kanken-Tagesrucksack-262x147.jpg 262w, https:\/\/thehiketribe.com\/de\/wp-content\/uploads\/Fjaellraeven-Kanken-Tagesrucksack-162x91.jpg 162w, https:\/\/thehiketribe.com\/de\/wp-content\/uploads\/Fjaellraeven-Kanken-Tagesrucksack-100x56.jpg 100w\" sizes=\"(max-width: 678px) 100vw, 678px\" \/><figcaption id=\"caption-attachment-7125\" class=\"wp-caption-text\">Den Fj\u00e4llr\u00e4ven K\u00e5nken gibt es in &#8222;allen Farben des Regenbogens&#8220;, ich besitze ihn in Ox Red.<\/figcaption><\/figure> <figure id=\"attachment_6959\" aria-describedby=\"caption-attachment-6959\" style=\"width: 678px\" class=\"wp-caption aligncenter\"><img loading=\"lazy\" decoding=\"async\" src=\"https:\/\/thehiketribe.com\/de\/wp-content\/uploads\/Fjaellraeven-Kanken-reflektierendes-Logo.jpg\" alt=\"\" width=\"678\" height=\"381\" class=\"size-full wp-image-6959\" srcset=\"https:\/\/thehiketribe.com\/de\/wp-content\/uploads\/Fjaellraeven-Kanken-reflektierendes-Logo.jpg 678w, https:\/\/thehiketribe.com\/de\/wp-content\/uploads\/Fjaellraeven-Kanken-reflektierendes-Logo-300x169.jpg 300w, https:\/\/thehiketribe.com\/de\/wp-content\/uploads\/Fjaellraeven-Kanken-reflektierendes-Logo-150x84.jpg 150w, https:\/\/thehiketribe.com\/de\/wp-content\/uploads\/Fjaellraeven-Kanken-reflektierendes-Logo-360x202.jpg 360w, https:\/\/thehiketribe.com\/de\/wp-content\/uploads\/Fjaellraeven-Kanken-reflektierendes-Logo-262x147.jpg 262w, https:\/\/thehiketribe.com\/de\/wp-content\/uploads\/Fjaellraeven-Kanken-reflektierendes-Logo-162x91.jpg 162w, https:\/\/thehiketribe.com\/de\/wp-content\/uploads\/Fjaellraeven-Kanken-reflektierendes-Logo-100x56.jpg 100w\" sizes=\"(max-width: 678px) 100vw, 678px\" \/><figcaption id=\"caption-attachment-6959\" class=\"wp-caption-text\">Das reflektierende Logo von Fj\u00e4llr\u00e4ven ist ein praktisches Feature in der Dunkelheit.<\/figcaption><\/figure> <figure id=\"attachment_6981\" aria-describedby=\"caption-attachment-6981\" style=\"width: 678px\" class=\"wp-caption aligncenter\"><img loading=\"lazy\" decoding=\"async\" src=\"https:\/\/thehiketribe.com\/de\/wp-content\/uploads\/Fjaellraeven-Kanken-Polarfuchs.jpg\" alt=\"\" width=\"678\" height=\"381\" class=\"size-full wp-image-6981\" srcset=\"https:\/\/thehiketribe.com\/de\/wp-content\/uploads\/Fjaellraeven-Kanken-Polarfuchs.jpg 678w, https:\/\/thehiketribe.com\/de\/wp-content\/uploads\/Fjaellraeven-Kanken-Polarfuchs-300x169.jpg 300w, https:\/\/thehiketribe.com\/de\/wp-content\/uploads\/Fjaellraeven-Kanken-Polarfuchs-150x84.jpg 150w, https:\/\/thehiketribe.com\/de\/wp-content\/uploads\/Fjaellraeven-Kanken-Polarfuchs-360x202.jpg 360w, https:\/\/thehiketribe.com\/de\/wp-content\/uploads\/Fjaellraeven-Kanken-Polarfuchs-262x147.jpg 262w, https:\/\/thehiketribe.com\/de\/wp-content\/uploads\/Fjaellraeven-Kanken-Polarfuchs-162x91.jpg 162w, https:\/\/thehiketribe.com\/de\/wp-content\/uploads\/Fjaellraeven-Kanken-Polarfuchs-100x56.jpg 100w\" sizes=\"(max-width: 678px) 100vw, 678px\" \/><figcaption id=\"caption-attachment-6981\" class=\"wp-caption-text\">Die Tragegriffe lassen sich durch einen Druckknopf schliessen.<\/figcaption><\/figure> <figure id=\"attachment_6962\" aria-describedby=\"caption-attachment-6962\" style=\"width: 678px\" class=\"wp-caption aligncenter\"><img loading=\"lazy\" decoding=\"async\" src=\"https:\/\/thehiketribe.com\/de\/wp-content\/uploads\/Fjaellraeven-Kanken-Schultergurt.jpg\" alt=\"\" width=\"678\" height=\"381\" class=\"size-full wp-image-6962\" srcset=\"https:\/\/thehiketribe.com\/de\/wp-content\/uploads\/Fjaellraeven-Kanken-Schultergurt.jpg 678w, https:\/\/thehiketribe.com\/de\/wp-content\/uploads\/Fjaellraeven-Kanken-Schultergurt-300x169.jpg 300w, https:\/\/thehiketribe.com\/de\/wp-content\/uploads\/Fjaellraeven-Kanken-Schultergurt-150x84.jpg 150w, https:\/\/thehiketribe.com\/de\/wp-content\/uploads\/Fjaellraeven-Kanken-Schultergurt-360x202.jpg 360w, https:\/\/thehiketribe.com\/de\/wp-content\/uploads\/Fjaellraeven-Kanken-Schultergurt-262x147.jpg 262w, https:\/\/thehiketribe.com\/de\/wp-content\/uploads\/Fjaellraeven-Kanken-Schultergurt-162x91.jpg 162w, https:\/\/thehiketribe.com\/de\/wp-content\/uploads\/Fjaellraeven-Kanken-Schultergurt-100x56.jpg 100w\" sizes=\"(max-width: 678px) 100vw, 678px\" \/><figcaption id=\"caption-attachment-6962\" class=\"wp-caption-text\">Das Tragesystem besteht aus einem schmalen, verstellbaren Schultergurt.<\/figcaption><\/figure> <figure id=\"attachment_6964\" aria-describedby=\"caption-attachment-6964\" style=\"width: 678px\" class=\"wp-caption aligncenter\"><img loading=\"lazy\" decoding=\"async\" src=\"https:\/\/thehiketribe.com\/de\/wp-content\/uploads\/Fjaellraeven-Kanken-Fronttasche.jpg\" alt=\"\" width=\"678\" height=\"381\" class=\"size-full wp-image-6964\" srcset=\"https:\/\/thehiketribe.com\/de\/wp-content\/uploads\/Fjaellraeven-Kanken-Fronttasche.jpg 678w, https:\/\/thehiketribe.com\/de\/wp-content\/uploads\/Fjaellraeven-Kanken-Fronttasche-300x169.jpg 300w, https:\/\/thehiketribe.com\/de\/wp-content\/uploads\/Fjaellraeven-Kanken-Fronttasche-150x84.jpg 150w, https:\/\/thehiketribe.com\/de\/wp-content\/uploads\/Fjaellraeven-Kanken-Fronttasche-360x202.jpg 360w, https:\/\/thehiketribe.com\/de\/wp-content\/uploads\/Fjaellraeven-Kanken-Fronttasche-262x147.jpg 262w, https:\/\/thehiketribe.com\/de\/wp-content\/uploads\/Fjaellraeven-Kanken-Fronttasche-162x91.jpg 162w, https:\/\/thehiketribe.com\/de\/wp-content\/uploads\/Fjaellraeven-Kanken-Fronttasche-100x56.jpg 100w\" sizes=\"(max-width: 678px) 100vw, 678px\" \/><figcaption id=\"caption-attachment-6964\" class=\"wp-caption-text\">In der Fronttasche kannst du Dinge verstauen, an die du schnell ranmusst.<\/figcaption><\/figure> <figure id=\"attachment_6961\" aria-describedby=\"caption-attachment-6961\" style=\"width: 678px\" class=\"wp-caption aligncenter\"><img loading=\"lazy\" decoding=\"async\" src=\"https:\/\/thehiketribe.com\/de\/wp-content\/uploads\/Fjaellraeven-Kanken-Innen.jpg\" alt=\"\" width=\"678\" height=\"381\" class=\"size-full wp-image-6961\" srcset=\"https:\/\/thehiketribe.com\/de\/wp-content\/uploads\/Fjaellraeven-Kanken-Innen.jpg 678w, https:\/\/thehiketribe.com\/de\/wp-content\/uploads\/Fjaellraeven-Kanken-Innen-300x169.jpg 300w, https:\/\/thehiketribe.com\/de\/wp-content\/uploads\/Fjaellraeven-Kanken-Innen-150x84.jpg 150w, https:\/\/thehiketribe.com\/de\/wp-content\/uploads\/Fjaellraeven-Kanken-Innen-360x202.jpg 360w, https:\/\/thehiketribe.com\/de\/wp-content\/uploads\/Fjaellraeven-Kanken-Innen-262x147.jpg 262w, https:\/\/thehiketribe.com\/de\/wp-content\/uploads\/Fjaellraeven-Kanken-Innen-162x91.jpg 162w, https:\/\/thehiketribe.com\/de\/wp-content\/uploads\/Fjaellraeven-Kanken-Innen-100x56.jpg 100w\" sizes=\"(max-width: 678px) 100vw, 678px\" \/><figcaption id=\"caption-attachment-6961\" class=\"wp-caption-text\">Das Sitzkissen dient als Polsterung zwischen R\u00fccken und Rucksackinhalt.<\/figcaption><\/figure><\/p>\n<hr>\n<h3>Aktuelle Angebote bei Amazon<\/h3>\n\n<div class=\"aawp\">\n    <div class=\"aawp-grid aawp-grid--col-3\">\n\n            \n        <div class=\"aawp-grid__item\">\n            \n<div class=\"aawp-product aawp-product--vertical aawp-product--bestseller aawp-product--ribbon\"  data-aawp-product-asin=\"B07663R4PD\" data-aawp-product-id=\"12110\" data-aawp-tracking-id=\"hiketribe-21\" data-aawp-product-title=\"Fj\u00e4llr\u00e4ven K\u00e5nken Original Black\">\n\n    \n    <a class=\"aawp-product__image--link aawp-product__image\"\n       href=\"https:\/\/www.amazon.de\/dp\/B07663R4PD?tag=hiketribe-21&linkCode=ogi&th=1&psc=1&keywords=fj%C3%A4llr%C3%A4ven%20k%C3%A5nken\" title=\"Fj\u00e4llr\u00e4ven K\u00e5nken Original Black\" rel=\"nofollow noopener sponsored\" target=\"_blank\">\n        <img decoding=\"async\" class=\"aawp-product__image\" src=\"https:\/\/thehiketribe.com\/de\/wp-content\/plugins\/aawp\/public\/image.php?url=YUhSMGNITTZMeTl0TG0xbFpHbGhMV0Z0WVhwdmJpNWpiMjB2YVcxaFoyVnpMMGt2TXpGMlZ6Y3dOWFJ3YWt3dVgxTk1NVFl3WHk1cWNHYz18MTc3NzYyNTI1Nw=\" alt=\"Fj\u00e4llr\u00e4ven K\u00e5nken Original Black\"  \/>\n    <\/a>\n\n    <div class=\"aawp-product__content\">\n        <a class=\"aawp-product__title\" href=\"https:\/\/www.amazon.de\/dp\/B07663R4PD?tag=hiketribe-21&linkCode=ogi&th=1&psc=1&keywords=fj%C3%A4llr%C3%A4ven%20k%C3%A5nken\" title=\"Fj\u00e4llr\u00e4ven K\u00e5nken Original Black\" rel=\"nofollow noopener sponsored\" target=\"_blank\">\n            Fj\u00e4llr\u00e4ven K\u00e5nken Original Black        <\/a>\n\n        <div class=\"aawp-product__meta\">\n            \n                    <\/div>\n    <\/div>\n\n    <div class=\"aawp-product__footer\">\n\n        <div class=\"aawp-product__pricing\">\n\n            \n                            <span class=\"aawp-product__price aawp-product__price--current\"><\/span>\n                    <\/div>\n\n                \n            <\/div>\n<\/div>\n        <\/div>\n\n            \n        <div class=\"aawp-grid__item\">\n            \n<div class=\"aawp-product aawp-product--vertical aawp-product--bestseller aawp-product--ribbon\"  data-aawp-product-asin=\"B00B8QY0CY\" data-aawp-product-id=\"12111\" data-aawp-tracking-id=\"hiketribe-21\" data-aawp-product-title=\"Fj\u00e4llR\u00e4ven Kanken ochre\">\n\n    \n    <a class=\"aawp-product__image--link aawp-product__image\"\n       href=\"https:\/\/www.amazon.de\/dp\/B00B8QY0CY?tag=hiketribe-21&linkCode=ogi&th=1&psc=1&keywords=fj%C3%A4llr%C3%A4ven%20k%C3%A5nken\" title=\"Fj\u00e4llR\u00e4ven Kanken ochre\" rel=\"nofollow noopener sponsored\" target=\"_blank\">\n        <img decoding=\"async\" class=\"aawp-product__image\" src=\"https:\/\/thehiketribe.com\/de\/wp-content\/plugins\/aawp\/public\/image.php?url=YUhSMGNITTZMeTl0TG0xbFpHbGhMV0Z0WVhwdmJpNWpiMjB2YVcxaFoyVnpMMGt2TkRGbFJsSkthbVF5Y1V3dVgxTk1NVFl3WHk1cWNHYz18MTc3NzYyNTI1Nw=\" alt=\"Fj\u00e4llR\u00e4ven Kanken ochre\"  \/>\n    <\/a>\n\n    <div class=\"aawp-product__content\">\n        <a class=\"aawp-product__title\" href=\"https:\/\/www.amazon.de\/dp\/B00B8QY0CY?tag=hiketribe-21&linkCode=ogi&th=1&psc=1&keywords=fj%C3%A4llr%C3%A4ven%20k%C3%A5nken\" title=\"Fj\u00e4llR\u00e4ven Kanken ochre\" rel=\"nofollow noopener sponsored\" target=\"_blank\">\n            Fj\u00e4llR\u00e4ven Kanken ochre        <\/a>\n\n        <div class=\"aawp-product__meta\">\n            \n                    <\/div>\n    <\/div>\n\n    <div class=\"aawp-product__footer\">\n\n        <div class=\"aawp-product__pricing\">\n\n            \n                            <span class=\"aawp-product__price aawp-product__price--current\"><\/span>\n                    <\/div>\n\n                \n            <\/div>\n<\/div>\n        <\/div>\n\n            \n        <div class=\"aawp-grid__item\">\n            \n<div class=\"aawp-product aawp-product--vertical aawp-product--bestseller aawp-product--ribbon\"  data-aawp-product-asin=\"B0B6PKLCZ9\" data-aawp-product-id=\"12112\" data-aawp-tracking-id=\"hiketribe-21\" data-aawp-product-title=\"Fj\u00e4llr\u00e4ven K\u00e5nken Laptop 15  Navy\">\n\n    \n    <a class=\"aawp-product__image--link aawp-product__image\"\n       href=\"https:\/\/www.amazon.de\/dp\/B0B6PKLCZ9?tag=hiketribe-21&linkCode=ogi&th=1&psc=1&keywords=fj%C3%A4llr%C3%A4ven%20k%C3%A5nken\" title=\"Fj\u00e4llr\u00e4ven K\u00e5nken Laptop 15' Navy\" rel=\"nofollow noopener sponsored\" target=\"_blank\">\n        <img decoding=\"async\" class=\"aawp-product__image\" src=\"https:\/\/thehiketribe.com\/de\/wp-content\/plugins\/aawp\/public\/image.php?url=YUhSMGNITTZMeTl0TG0xbFpHbGhMV0Z0WVhwdmJpNWpiMjB2YVcxaFoyVnpMMGt2TkRGRlkweDZXR1EyVTB3dVgxTk1NVFl3WHk1cWNHYz18MTc3NzYyNTI1Nw=\" alt=\"Fj\u00e4llr\u00e4ven K\u00e5nken Laptop 15' Navy\"  \/>\n    <\/a>\n\n    <div class=\"aawp-product__content\">\n        <a class=\"aawp-product__title\" href=\"https:\/\/www.amazon.de\/dp\/B0B6PKLCZ9?tag=hiketribe-21&linkCode=ogi&th=1&psc=1&keywords=fj%C3%A4llr%C3%A4ven%20k%C3%A5nken\" title=\"Fj\u00e4llr\u00e4ven K\u00e5nken Laptop 15' Navy\" rel=\"nofollow noopener sponsored\" target=\"_blank\">\n            Fj\u00e4llr\u00e4ven K\u00e5nken Laptop 15' Navy        <\/a>\n\n        <div class=\"aawp-product__meta\">\n            \n                    <\/div>\n    <\/div>\n\n    <div class=\"aawp-product__footer\">\n\n        <div class=\"aawp-product__pricing\">\n\n            \n                            <span class=\"aawp-product__price aawp-product__price--current\"><\/span>\n                    <\/div>\n\n                \n            <\/div>\n<\/div>\n        <\/div>\n\n    \n    <\/div>\n<\/div>\n\n<hr>\n<h2>Mein Fazit zum Fj\u00e4llr\u00e4ven K\u00e5nken<\/h2>\n<p>Der Fj\u00e4llr\u00e4ven K\u00e5nken ist vor allem eins: Kult. Als Wanderrucksack ist er zwar nicht geeignet, trotzdem nutze ich ihn gerne im Alltag oder auf kurzen Touren in der Natur. Er ist sehr leicht, schlicht, ohne unn\u00f6tiges Klimbim und es gibt ihn in den tollsten Farben. <\/p>\n<p>Allerdings zahlt man f\u00fcr den einfachen Rucksack einen stolzen Preis. Ich pers\u00f6nlich m\u00f6chte meinen modischen Alltagsbegleiter trotzdem nicht mehr missen und bedanke mich an dieser Stelle bei <a href=\"https:\/\/www.sportscheck.com\/fjaellraeven\/fjaellraeven-kanken-daypack-p115313-F087\/blue-ridge-random-blocked\/?WKZ=92&#038;IWL=631&#038;ns_mchannel=aff&#038;ns_source=outdoordeals&#038;ns_campaign=produkttest&#038;ns_linkname=bann&#038;ns_fee=0\" rel=\"noopener noreferrer\" target=\"_blank\" rel=\"nofollow\">Sportscheck<\/a> f\u00fcr die Kooperation.<\/p>","protected":false},"excerpt":{"rendered":"<p>Der Fj\u00e4llr\u00e4ven K\u00e5nken ist inzwischen Kult und hat die schwedische Outdoor-Marke in unseren Alltag gebracht. Im Rahmen einer Kooperation mit Sportscheck habe ich den beliebten Rucksack als Testprodukt erhalten und mehrere Wochen getestet. Wusstest du, dass der K\u00e5nken Rucksack f\u00fcr schwedische Schulkinder auf den Markt gebracht wurde, um sie vor<\/p>\n","protected":false},"author":4,"featured_media":7154,"comment_status":"open","ping_status":"closed","sticky":false,"template":"","format":"standard","meta":{"footnotes":""},"categories":[7],"tags":[],"class_list":["post-6885","post","type-post","status-publish","format-standard","has-post-thumbnail","hentry","category-test"],"_links":{"self":[{"href":"https:\/\/thehiketribe.com\/de\/wp-json\/wp\/v2\/posts\/6885"}],"collection":[{"href":"https:\/\/thehiketribe.com\/de\/wp-json\/wp\/v2\/posts"}],"about":[{"href":"https:\/\/thehiketribe.com\/de\/wp-json\/wp\/v2\/types\/post"}],"author":[{"embeddable":true,"href":"https:\/\/thehiketribe.com\/de\/wp-json\/wp\/v2\/users\/4"}],"replies":[{"embeddable":true,"href":"https:\/\/thehiketribe.com\/de\/wp-json\/wp\/v2\/comments?post=6885"}],"version-history":[{"count":10,"href":"https:\/\/thehiketribe.com\/de\/wp-json\/wp\/v2\/posts\/6885\/revisions"}],"predecessor-version":[{"id":7679,"href":"https:\/\/thehiketribe.com\/de\/wp-json\/wp\/v2\/posts\/6885\/revisions\/7679"}],"wp:featuredmedia":[{"embeddable":true,"href":"https:\/\/thehiketribe.com\/de\/wp-json\/wp\/v2\/media\/7154"}],"wp:attachment":[{"href":"https:\/\/thehiketribe.com\/de\/wp-json\/wp\/v2\/media?parent=6885"}],"wp:term":[{"taxonomy":"category","embeddable":true,"href":"https:\/\/thehiketribe.com\/de\/wp-json\/wp\/v2\/categories?post=6885"},{"taxonomy":"post_tag","embeddable":true,"href":"https:\/\/thehiketribe.com\/de\/wp-json\/wp\/v2\/tags?post=6885"}],"curies":[{"name":"wp","href":"https:\/\/api.w.org\/{rel}","templated":true}]}}