{"id":5677,"date":"2019-01-12T20:39:14","date_gmt":"2019-01-12T19:39:14","guid":{"rendered":"https:\/\/thehiketribe.com\/de\/?p=5677"},"modified":"2019-04-19T08:27:30","modified_gmt":"2019-04-19T06:27:30","slug":"jahresrueckblick-2018","status":"publish","type":"post","link":"https:\/\/thehiketribe.com\/de\/jahresrueckblick-2018\/","title":{"rendered":"Unsere Reisen und Wanderungen 2018"},"content":{"rendered":"<p><b>Im letzten Jahr habe ich das Wandern f\u00fcr mich neu entdeckt und so viel Begeisterung daf\u00fcr entwickelt, dass ich mir ein Leben ohne die Ausfl\u00fcge in die Natur nun nicht mehr vorstellen kann.<\/b><\/p>\n<p>In diesem Beitrag m\u00f6chte ich unsere sch\u00f6nsten Wanderreisen 2018 Revue passieren lassen. Es war ein ereignisreiches Jahr in dem wir auf Bali, in Neuseeland, Marokko, in der Schweiz, Frankreich, Spanien und Portugal waren und viele unvergessliche Abenteuer erlebten.<\/p>\n<p><img loading=\"lazy\" decoding=\"async\" src=\"https:\/\/thehiketribe.com\/de\/wp-content\/uploads\/mount-batur-sunrise-trek-bali-1.jpg\" alt=\"\" width=\"800\" height=\"450\" class=\"aligncenter size-full wp-image-261\" srcset=\"https:\/\/thehiketribe.com\/de\/wp-content\/uploads\/mount-batur-sunrise-trek-bali-1.jpg 800w, https:\/\/thehiketribe.com\/de\/wp-content\/uploads\/mount-batur-sunrise-trek-bali-1-300x169.jpg 300w, https:\/\/thehiketribe.com\/de\/wp-content\/uploads\/mount-batur-sunrise-trek-bali-1-768x432.jpg 768w, https:\/\/thehiketribe.com\/de\/wp-content\/uploads\/mount-batur-sunrise-trek-bali-1-150x84.jpg 150w, https:\/\/thehiketribe.com\/de\/wp-content\/uploads\/mount-batur-sunrise-trek-bali-1-360x203.jpg 360w, https:\/\/thehiketribe.com\/de\/wp-content\/uploads\/mount-batur-sunrise-trek-bali-1-262x147.jpg 262w, https:\/\/thehiketribe.com\/de\/wp-content\/uploads\/mount-batur-sunrise-trek-bali-1-162x91.jpg 162w, https:\/\/thehiketribe.com\/de\/wp-content\/uploads\/mount-batur-sunrise-trek-bali-1-100x56.jpg 100w\" sizes=\"(max-width: 800px) 100vw, 800px\" \/> <b>Abschied von Bali:<\/b> Nach einundhalb Jahren auf Bali haben wir im Januar und Februar 2018 langsam von der Insel der G\u00f6tter Abschied genommen, um uns in neue Abenteuer zu st\u00fcrzen. Alle Vorbereitungen wurden f\u00fcr unsere kommende Reise getroffen.<\/p>\n<p><b>Van-Trip durch Neuseeland:<\/b> Im M\u00e4rz 2018 sind wir von Bali nach Neuseeland gereist und sind dort f\u00fcr drei Wochen mit dem Van \u00fcber Teile der S\u00fcdinsel und Nordinsel gereist. In Neuseeland habe ich meine ersten ausgiebigen Wanderungen unternommen, unter anderem auf den <a href=\"https:\/\/thehiketribe.com\/de\/roys-peak-wanderung\/\">Roys Peak in Wanaka<\/a>, zu den <a href=\"https:\/\/thehiketribe.com\/de\/tama-lakes-wanderung\/\">Tama Lakes im Tongariro National Park<\/a> und auf dem <a href=\"https:\/\/thehiketribe.com\/de\/tarawera-trail\/\">Tarawera Trail in Rotorua<\/a>. Die Bergbesteigungen und Wanderungen in Neuseeland haben uns begeistert und die Idee f\u00fcr unseren Outdoorblog TheHikeTribe wurde geboren.<\/p>\n<p><img loading=\"lazy\" decoding=\"async\" src=\"https:\/\/thehiketribe.com\/de\/wp-content\/uploads\/imlil.jpg\" alt=\"\" width=\"1040\" height=\"585\" class=\"aligncenter size-full wp-image-677\" srcset=\"https:\/\/thehiketribe.com\/de\/wp-content\/uploads\/imlil.jpg 1040w, https:\/\/thehiketribe.com\/de\/wp-content\/uploads\/imlil-300x169.jpg 300w, https:\/\/thehiketribe.com\/de\/wp-content\/uploads\/imlil-768x432.jpg 768w, https:\/\/thehiketribe.com\/de\/wp-content\/uploads\/imlil-800x450.jpg 800w, https:\/\/thehiketribe.com\/de\/wp-content\/uploads\/imlil-150x84.jpg 150w, https:\/\/thehiketribe.com\/de\/wp-content\/uploads\/imlil-360x203.jpg 360w, https:\/\/thehiketribe.com\/de\/wp-content\/uploads\/imlil-262x147.jpg 262w, https:\/\/thehiketribe.com\/de\/wp-content\/uploads\/imlil-162x91.jpg 162w, https:\/\/thehiketribe.com\/de\/wp-content\/uploads\/imlil-100x56.jpg 100w\" sizes=\"(max-width: 1040px) 100vw, 1040px\" \/> <b>3 Monate in Marokko:<\/b> Von April bis Juni 2018 haben wir in Casablanca in Marokko gelebt. Dort habe ich als Workexchange in einem Start-Up in Casablanca gearbeitet. In unserer freien Zeit sind wir nach Marrakesh, Fes, Chefchaouen und Essaouira gereist. Als Outdoorbegeisterte haben wir uns Wanderungen im <a href=\"https:\/\/thehiketribe.com\/de\/marokko\/\">Atlasgebirge<\/a>, insbesondere im Hohen Atlas und im Rif Gebirge, nat\u00fcrlich nicht entgehen lassen.<\/p>\n<p><img loading=\"lazy\" decoding=\"async\" src=\"https:\/\/thehiketribe.com\/de\/wp-content\/uploads\/picu-urriellu-wanderweg.jpg\" alt=\"\" width=\"678\" height=\"381\" class=\"aligncenter size-full wp-image-2036\" srcset=\"https:\/\/thehiketribe.com\/de\/wp-content\/uploads\/picu-urriellu-wanderweg.jpg 678w, https:\/\/thehiketribe.com\/de\/wp-content\/uploads\/picu-urriellu-wanderweg-300x169.jpg 300w, https:\/\/thehiketribe.com\/de\/wp-content\/uploads\/picu-urriellu-wanderweg-150x84.jpg 150w, https:\/\/thehiketribe.com\/de\/wp-content\/uploads\/picu-urriellu-wanderweg-360x202.jpg 360w, https:\/\/thehiketribe.com\/de\/wp-content\/uploads\/picu-urriellu-wanderweg-262x147.jpg 262w, https:\/\/thehiketribe.com\/de\/wp-content\/uploads\/picu-urriellu-wanderweg-162x91.jpg 162w, https:\/\/thehiketribe.com\/de\/wp-content\/uploads\/picu-urriellu-wanderweg-100x56.jpg 100w\" sizes=\"(max-width: 678px) 100vw, 678px\" \/> <b>Van-Trip durch Europa:<\/b> Im Juli haben wir einen Zwischenstopp in Deutschland eingelegt, um einen Minivan zu kaufen und auszubauen. Der Vanausbau dauerte etwa zwei intensive Wochen und Ende Juli fuhren wir \u00fcber die Schweiz und Frankreich nach Nordspanien, um die beeindruckende <a href=\"https:\/\/thehiketribe.com\/de\/naranjo-de-bulnes\/\">Naranjo de Bulnes Wanderung<\/a> in den Picos de Europa zu machen. Unser Ziel in Portugal erreichten wir Ende August.<\/p>\n<p><img loading=\"lazy\" decoding=\"async\" src=\"https:\/\/thehiketribe.com\/de\/wp-content\/uploads\/Ausblick-Kuestenwanderung-Algarve.jpg\" alt=\"\" width=\"678\" height=\"381\" class=\"aligncenter size-full wp-image-3835\" srcset=\"https:\/\/thehiketribe.com\/de\/wp-content\/uploads\/Ausblick-Kuestenwanderung-Algarve.jpg 678w, https:\/\/thehiketribe.com\/de\/wp-content\/uploads\/Ausblick-Kuestenwanderung-Algarve-300x169.jpg 300w, https:\/\/thehiketribe.com\/de\/wp-content\/uploads\/Ausblick-Kuestenwanderung-Algarve-150x84.jpg 150w, https:\/\/thehiketribe.com\/de\/wp-content\/uploads\/Ausblick-Kuestenwanderung-Algarve-360x202.jpg 360w, https:\/\/thehiketribe.com\/de\/wp-content\/uploads\/Ausblick-Kuestenwanderung-Algarve-262x147.jpg 262w, https:\/\/thehiketribe.com\/de\/wp-content\/uploads\/Ausblick-Kuestenwanderung-Algarve-162x91.jpg 162w, https:\/\/thehiketribe.com\/de\/wp-content\/uploads\/Ausblick-Kuestenwanderung-Algarve-100x56.jpg 100w\" sizes=\"(max-width: 678px) 100vw, 678px\" \/> <b>Bom dia, Portugal:<\/b> September bis November 2018 verbrachten wir &#8211; wieder mit Dach \u00fcber dem Kopf &#8211; in Paredes de Vitoria und Ericeira in Portugal. Von dort haben wir Tagesausfl\u00fcge gemacht und waren im S\u00fcden auf der ber\u00fchmten <a href=\"https:\/\/thehiketribe.com\/de\/rota-vicentina\/\">Rota Vicentina wandern<\/a>.<\/p>\n<p><b>Winterurlaub in Deutschland:<\/b> Nach dem ereignisreichen Jahr habe ich den Dezember bei meiner Familie in Deutschland verbracht und unsere n\u00e4chste <a href=\"https:\/\/thehiketribe.com\/de\/madeira\/\">Wanderreise nach Madeira<\/a> geplant.<\/p>\n<p>Ich freue mich auf das Jahr 2019, in dem wir bereits viele Wanderungen geplant haben. Wir halten dich im Blog auf dem Laufenden, wohin es als N\u00e4chstes f\u00fcr uns geht. <\/p>\n<p><em>Wenn auch du deine Reise Erlebnisse von 2018 teilen willst, oder dich von anderen Reisen inspirieren lassen m\u00f6chtest, schau doch mal bei den <a href=\"https:\/\/www.reisewut.com\/2018\/11\/reise-highlights-2018-urlaub\/\" rel=\"nofollow\">Jahresr\u00fcckblicken von Reisewut<\/a> vorbei. <\/em><\/p>","protected":false},"excerpt":{"rendered":"<p>Im letzten Jahr habe ich das Wandern f\u00fcr mich neu entdeckt und so viel Begeisterung daf\u00fcr entwickelt, dass ich mir ein Leben ohne die Ausfl\u00fcge in die Natur nun nicht mehr vorstellen kann. In diesem Beitrag m\u00f6chte ich unsere sch\u00f6nsten Wanderreisen 2018 Revue passieren lassen. Es war ein ereignisreiches Jahr<\/p>\n","protected":false},"author":4,"featured_media":485,"comment_status":"open","ping_status":"closed","sticky":false,"template":"","format":"standard","meta":{"footnotes":""},"categories":[38],"tags":[],"class_list":["post-5677","post","type-post","status-publish","format-standard","has-post-thumbnail","hentry","category-events"],"_links":{"self":[{"href":"https:\/\/thehiketribe.com\/de\/wp-json\/wp\/v2\/posts\/5677"}],"collection":[{"href":"https:\/\/thehiketribe.com\/de\/wp-json\/wp\/v2\/posts"}],"about":[{"href":"https:\/\/thehiketribe.com\/de\/wp-json\/wp\/v2\/types\/post"}],"author":[{"embeddable":true,"href":"https:\/\/thehiketribe.com\/de\/wp-json\/wp\/v2\/users\/4"}],"replies":[{"embeddable":true,"href":"https:\/\/thehiketribe.com\/de\/wp-json\/wp\/v2\/comments?post=5677"}],"version-history":[{"count":10,"href":"https:\/\/thehiketribe.com\/de\/wp-json\/wp\/v2\/posts\/5677\/revisions"}],"predecessor-version":[{"id":8693,"href":"https:\/\/thehiketribe.com\/de\/wp-json\/wp\/v2\/posts\/5677\/revisions\/8693"}],"wp:featuredmedia":[{"embeddable":true,"href":"https:\/\/thehiketribe.com\/de\/wp-json\/wp\/v2\/media\/485"}],"wp:attachment":[{"href":"https:\/\/thehiketribe.com\/de\/wp-json\/wp\/v2\/media?parent=5677"}],"wp:term":[{"taxonomy":"category","embeddable":true,"href":"https:\/\/thehiketribe.com\/de\/wp-json\/wp\/v2\/categories?post=5677"},{"taxonomy":"post_tag","embeddable":true,"href":"https:\/\/thehiketribe.com\/de\/wp-json\/wp\/v2\/tags?post=5677"}],"curies":[{"name":"wp","href":"https:\/\/api.w.org\/{rel}","templated":true}]}}