{"id":11094,"date":"2019-11-19T13:25:57","date_gmt":"2019-11-19T12:25:57","guid":{"rendered":"https:\/\/thehiketribe.com\/de\/?p=11094"},"modified":"2019-11-19T13:49:33","modified_gmt":"2019-11-19T12:49:33","slug":"zentralschweiz","status":"publish","type":"post","link":"https:\/\/thehiketribe.com\/de\/zentralschweiz\/","title":{"rendered":"Die sch\u00f6nsten Wanderungen in der Zentralschweiz"},"content":{"rendered":"<p><b>Wandern in der Zentralschweiz bedeutet Berggipfel besteigen, auf saftigen Alpwiesen, durch W\u00e4lder und vorbei an Seen wandern und himmlische Aussichten genie\u00dfen.<\/b> <\/p>\n<p>Die Schweiz ist ein Wanderparadies mit unz\u00e4hligen Kilometern markierter und vielf\u00e4ltiger Wanderwege, die die Schokoladenseite dieses sch\u00f6nen Landes zeigen.<\/p>\n<p>Wir haben gro\u00dfes Gl\u00fcck Familie in der Schweiz zu haben, unter anderem in Luzern, dem st\u00e4dtischen Zentrum der Zentralschweiz. Hier erh\u00e4ltst du einen \u00dcberblick unserer unternommenen Wanderungen in der Zentralschweiz und lohnenswerte Touren, die wir fest eingeplant haben. <\/p>\n<hr>\n<h2>Ausgangspunkt f\u00fcr Wanderungen in der Zentralschweiz<\/h2>\n<p>Die Zentralschweiz liegt n\u00f6rdlich des Alpenkammes und besteht aus den gro\u00dfen Kantonen Luzern, Uri, Schwyz und den kleineren Zug, Obwalden und Nidwalden. Im Zentrum der Zentralschweiz liegt der Vierwaldst\u00e4ttersee. <\/p>\n<p>Es bietet sich an die Wanderungen vom st\u00e4dtischen Zentrum Luzern aus zu planen und zu unternehmen, da von dort aus die meisten Wanderungen auch mit den \u00f6ffentlichen Verkehrsmitteln sehr gut erreichbar sind.<\/p>\n<p>Die Stadt Luzern ist meiner Meinung nach eine der sch\u00f6nsten St\u00e4dte der Welt. Sie bietet einiges an Sehensw\u00fcrdigkeiten, liegt direkt am Vierwaldst\u00e4ttersee und bietet ein tolles Bergpanorama.<\/p>\n<p>Du kannst nat\u00fcrlich auch von Ort zu Ort ziehen und musst nicht alles von Luzern aus unternehmen.<\/p>\n<p>Wie in anderen schweizer St\u00e4dten sind die Kosten f\u00fcr Unterk\u00fcnfte in Luzern sehr hoch. Wenn du mehrere Wanderungen in der Zentralschweiz planst wird dein Geldbeutel auf jeden Fall etwas schmaler werden.<\/p>\n<hr>\n<h2>Wanderempfehlungen Luzern<\/h2>\n<h3>Der Pilatus <\/h3>\n<p><img loading=\"lazy\" decoding=\"async\" src=\"https:\/\/thehiketribe.com\/de\/wp-content\/uploads\/Blick-vom-Tomlishorn.jpg\" alt=\"\" width=\"1140\" height=\"600\" class=\"size-full wp-image-10777\" srcset=\"https:\/\/thehiketribe.com\/de\/wp-content\/uploads\/Blick-vom-Tomlishorn.jpg 1140w, https:\/\/thehiketribe.com\/de\/wp-content\/uploads\/Blick-vom-Tomlishorn-300x158.jpg 300w, https:\/\/thehiketribe.com\/de\/wp-content\/uploads\/Blick-vom-Tomlishorn-768x404.jpg 768w, https:\/\/thehiketribe.com\/de\/wp-content\/uploads\/Blick-vom-Tomlishorn-800x421.jpg 800w, https:\/\/thehiketribe.com\/de\/wp-content\/uploads\/Blick-vom-Tomlishorn-150x79.jpg 150w, https:\/\/thehiketribe.com\/de\/wp-content\/uploads\/Blick-vom-Tomlishorn-360x189.jpg 360w, https:\/\/thehiketribe.com\/de\/wp-content\/uploads\/Blick-vom-Tomlishorn-262x138.jpg 262w, https:\/\/thehiketribe.com\/de\/wp-content\/uploads\/Blick-vom-Tomlishorn-162x85.jpg 162w, https:\/\/thehiketribe.com\/de\/wp-content\/uploads\/Blick-vom-Tomlishorn-100x53.jpg 100w\" sizes=\"(max-width: 1140px) 100vw, 1140px\" \/><br \/>\nNat\u00fcrlich muss mit dem Hausberg Luzerns gestartet werden: Dem Pilatus. Er hat eine H\u00f6he von 2.128 Meter und kann entweder erwandert oder f\u00fcr viel Geld mit der weltweit steilsten Zahnradbahn oder Seilbahn besucht werden. Vom h\u00f6chsten Gipfel, dem Tomlishorn und w\u00e4hrend der Besteigung bieten sich dir spektakul\u00e4re Aussichten auf den Vierwaldst\u00e4ttersee, benachbarte Gipfel und Luzern.<\/p>\n<p>Der Pilatus geh\u00f6rt wie die Rigi zu den sehr \u00fcberlaufenen Bergen der Zentralschweiz. W\u00e4hrend einem Aufstieg auf den Gipfel hast du meistens Ruhe und kannst die Natur genie\u00dfen, auf dem Gipfel wimmelt es jedoch vor Touristen, die mit der Seilbahn oder Zahnradbahn nach oben gekommen sind. Au\u00dferdem gibt es auf der Kulm zwei Hotels. <\/p>\n<p>Die Wanderung auf den Pilatus lohnt sich jedoch. Jan ist von <strong>Alpnachstad auf das Tomlishorn<\/strong> gewandert und dann mit der Seilbahn zur\u00fcck nach Kriens gefahren.<\/p>\n<p>Hier findest du unseren <a href=\"https:\/\/thehiketribe.com\/de\/alpnachstad-pilatus\/\">Tourenbericht zur Wanderung von Alpnachstad auf den Pilatus<\/a>.<\/p>\n<p><b>Anreise:<\/b> Von Luzern aus kommend kannst du entweder die S5 bis zum Bahnhof Alpnachstad nehmen oder mit dem Schiff bis nach nach Alpnachstad. Von dort aus startest du die Wanderung oder nimmst die Zahnradbahn. Alternativ kannst du aber auch von Kriens aus starten.<\/p>\n<blockquote><p>Die wichtigsten Infos zu <b>Aktivit\u00e4ten, Unterk\u00fcnften, Einkehrm\u00f6glichkeiten, Bergbahnen und Wetter<\/b> auf dem Pilatus findest du <a href=\"https:\/\/www.pilatus.ch\/\" rel=\"noopener noreferrer\" target=\"_blank\">hier<\/a>.<\/p><\/blockquote>\n<hr>\n<h3>Die Rigi<\/h3>\n<p><img loading=\"lazy\" decoding=\"async\" src=\"https:\/\/thehiketribe.com\/de\/wp-content\/uploads\/Vierwaldst\u00e4ttersee-Panoramaweg-Rigi.jpg\" alt=\"Vierwaldst\u00e4ttersee Panoramaweg Rigi\" width=\"1140\" height=\"600\" class=\"alignnone size-full wp-image-10963\" srcset=\"https:\/\/thehiketribe.com\/de\/wp-content\/uploads\/Vierwaldst\u00e4ttersee-Panoramaweg-Rigi.jpg 1140w, https:\/\/thehiketribe.com\/de\/wp-content\/uploads\/Vierwaldst\u00e4ttersee-Panoramaweg-Rigi-300x158.jpg 300w, https:\/\/thehiketribe.com\/de\/wp-content\/uploads\/Vierwaldst\u00e4ttersee-Panoramaweg-Rigi-768x404.jpg 768w, https:\/\/thehiketribe.com\/de\/wp-content\/uploads\/Vierwaldst\u00e4ttersee-Panoramaweg-Rigi-800x421.jpg 800w, https:\/\/thehiketribe.com\/de\/wp-content\/uploads\/Vierwaldst\u00e4ttersee-Panoramaweg-Rigi-150x79.jpg 150w, https:\/\/thehiketribe.com\/de\/wp-content\/uploads\/Vierwaldst\u00e4ttersee-Panoramaweg-Rigi-360x189.jpg 360w, https:\/\/thehiketribe.com\/de\/wp-content\/uploads\/Vierwaldst\u00e4ttersee-Panoramaweg-Rigi-262x138.jpg 262w, https:\/\/thehiketribe.com\/de\/wp-content\/uploads\/Vierwaldst\u00e4ttersee-Panoramaweg-Rigi-162x85.jpg 162w, https:\/\/thehiketribe.com\/de\/wp-content\/uploads\/Vierwaldst\u00e4ttersee-Panoramaweg-Rigi-100x53.jpg 100w\" sizes=\"(max-width: 1140px) 100vw, 1140px\" \/> Die Rigi wird auch als K\u00f6nigin der Berge bezeichnet. Es fahren sowohl von Weggis, Vitznau, Arth Goldau und K\u00fcssnacht am Rigi aus Seilbahnen oder Zahnradbahnen auf die Rigi. Auf dem Gipfel ist meistens die H\u00f6lle los, da auch die Rigi ein Berg ist, der nicht weit von touristischen Zentren wie Z\u00fcrich und Luzern liegt. <\/p>\n<p>Ebenso gibt es aber auch sehr gut ausgeschilderte Wanderwege, die auf die Rigi Kulm f\u00fchren, wie zum Beispiel den <strong>Mark Twain Weg<\/strong>, der von Weggis auf den Gipfel f\u00fchrt. Hier geht es in aller Ruhe und mit sch\u00f6nen Aussichten auf den Vierwaldst\u00e4ttersee in etwa 5 Stunden auf die Kulm.<\/p>\n<p>Hier findest du unseren <a href=\"https:\/\/thehiketribe.com\/de\/rigi-mark-twain-weg\/\">Tourenbericht zum Mark Twain Themenweg<\/a>.<\/p>\n<p>Auch f\u00fcr Familien gibt es Wanderm\u00f6glichkeiten. Der beliebte <strong>Panoramawanderweg<\/strong> ist (solange kein Schnee liegt) sogar mit dem Kinderwagen machbar und bietet auf nur zwei Stunden Wanderweg von Rigi First bis Rigi Scheidegg eine hervorragende Aussicht auf die Schweizer Alpen, sogar auf den gro\u00dfen Mythen.<\/p>\n<p>Hier findest du unseren <a href=\"https:\/\/thehiketribe.com\/de\/rigi-panoramaweg\/\">Tourenbericht zum Rigi Panoramaweg<\/a>.<\/p>\n<p><b>Anreise:<\/b> Von Luzern aus kommend kannst du die S-Bahn bis K\u00fcssnacht nehmen und von dort den Bus bis nach Weggis. Dort wanderst du entweder auf den Gipfel oder du nimmst die Seilbahn. <\/p>\n<blockquote><p>Die wichtigsten Infos zu <b>Aktivit\u00e4ten, Unterk\u00fcnften, Einkehrm\u00f6glichkeiten, Bergbahnen und Wetter<\/b> auf der Rigi findest du <a href=\"https:\/\/www.rigi.ch\/\" rel=\"noopener noreferrer\" target=\"_blank\">hier<\/a>.<\/p><\/blockquote>\n<hr>\n<h3>UNESCO Biosph\u00e4ren-Reservat Entlebuch<\/h3>\n<p><img loading=\"lazy\" decoding=\"async\" src=\"https:\/\/thehiketribe.com\/de\/wp-content\/uploads\/Brienzer-Rothorn-Wanderweg.jpg\" alt=\"Brienzer Rothorn Wanderweg\" width=\"1140\" height=\"600\" class=\"alignnone size-full wp-image-10687\" srcset=\"https:\/\/thehiketribe.com\/de\/wp-content\/uploads\/Brienzer-Rothorn-Wanderweg.jpg 1140w, https:\/\/thehiketribe.com\/de\/wp-content\/uploads\/Brienzer-Rothorn-Wanderweg-300x158.jpg 300w, https:\/\/thehiketribe.com\/de\/wp-content\/uploads\/Brienzer-Rothorn-Wanderweg-768x404.jpg 768w, https:\/\/thehiketribe.com\/de\/wp-content\/uploads\/Brienzer-Rothorn-Wanderweg-800x421.jpg 800w, https:\/\/thehiketribe.com\/de\/wp-content\/uploads\/Brienzer-Rothorn-Wanderweg-150x79.jpg 150w, https:\/\/thehiketribe.com\/de\/wp-content\/uploads\/Brienzer-Rothorn-Wanderweg-360x189.jpg 360w, https:\/\/thehiketribe.com\/de\/wp-content\/uploads\/Brienzer-Rothorn-Wanderweg-262x138.jpg 262w, https:\/\/thehiketribe.com\/de\/wp-content\/uploads\/Brienzer-Rothorn-Wanderweg-162x85.jpg 162w, https:\/\/thehiketribe.com\/de\/wp-content\/uploads\/Brienzer-Rothorn-Wanderweg-100x53.jpg 100w\" sizes=\"(max-width: 1140px) 100vw, 1140px\" \/> Die UNESCO Biosph\u00e4re Entlebuch liegt ebenfalls im Kanton Luzern und bietet beste Bedingungen zum Wandern: Saftige Bergwiesen, Flusslandschaften, Moorgebiete und Berggipfel, die in kurzen Rundwanderungen bis anspruchsvollen mehrt\u00e4gigen Wanderungen entdeckt werden k\u00f6nnen.<\/p>\n<p>Der <strong>Emmenuferweg<\/strong> ist ein einfacher und kinderfreundlicher Fernwanderweg, der von der M\u00fcndung bei Emmenbr\u00fccke bis zum Emmensprung bei S\u00f6renberg f\u00fchrt. Der gesamte Wanderweg kann entweder in etwa vier Tagen gegangen werden, oder in einzelnen Tagesetappen. Der sch\u00f6ne Wanderweg verl\u00e4uft entlang der Emme und erschliesst eine der sch\u00f6nsten Flusslandschaften Luzerns.<\/p>\n<p>Hier findest du unseren <a href=\"https:\/\/thehiketribe.com\/de\/emmenuferweg-etappe-1\/\">Tourenbericht zur ersten Etappe des Emmenuferwegs<\/a>.<\/p>\n<p>Ein weiteres Highlight im Biosph\u00e4renreservat Entlebuch ist das <strong>Brienzer Rothorn<\/strong>. Das Rothorn ist ein 2.350 Meter hoher Berg, der von verschiedenen Startpunkten aus erwandert werden kann. W\u00e4hrend der Besteigung und vom Gipfel aus bietet sich dir eine traumhafte Aussicht auf die Zentralschweizer Alpen, die Berner Hochalpen und den t\u00fcrkisblauen Brienzer See.<\/p>\n<p>Wir empfehlen den Aufstieg vom Br\u00fcnigpass auf das Brienzer Rothorn.<\/p>\n<p>Hier findest du unseren <a href=\"https:\/\/thehiketribe.com\/de\/bruenigpass-brienzer-rothorn\/\">Tourenbericht vom Br\u00fcnigpass auf das Rothorn<\/a>.<\/p>\n<p><b>Anreise:<\/b> Wenn du die Wanderung von Br\u00fcnig auf das Rothorn machen willst kannst du von Luzern aus den direkten Zug nach Br\u00fcnig nehmen, der etwa eine Stunde braucht. Wenn du die Seilbahn nehmen willst kannst du mit S-Bahn und Postauto auch nach S\u00f6renberg fahren.<\/p>\n<blockquote><p>Die wichtigsten Infos zu <b>Aktivit\u00e4ten, Unterk\u00fcnften, Einkehrm\u00f6glichkeiten, Bergbahnen und Wetter<\/b> im Biosph\u00e4rengebiet Entlebuch findest du <a href=\"https:\/\/www.biosphaere.ch\/de\/\" rel=\"noopener noreferrer\" target=\"_blank\">hier<\/a>.<\/p><\/blockquote>\n<hr>\n<h3>Willisau<\/h3>\n<p>Auch Willisau bietet Wanderern verschiedene M\u00f6glichkeiten die Landschaft der Region zu entdecken. Entweder unternimmst du eine anspruchsvolle H\u00f6henwanderung vom Menzberg auf den Gipfel des <strong>Napf<\/strong> mit lohnenswerter Aussicht. Oder du w\u00e4hlst doch einen gem\u00fctlichen Rundwanderweg von Willisau ins Kr\u00e4uterdorf <strong>Hergiswil<\/strong> und zur\u00fcck mit Aussicht ins Napfbergland. <\/p>\n<p>F\u00fcr Wanderungen mit Kindern gibt es \u00fcbrigens spannende Themenwege mit wissenswerten Informationen und spielerischen Elementen.<\/p>\n<blockquote><p>Hier findest du <a href=\"https:\/\/www.willisau-tourismus.ch\/de\" rel=\"noopener noreferrer\" target=\"_blank\">Informationen zu verschiedenen Wanderungen in Willisau<\/a>.<\/p><\/blockquote>\n<hr>\n<h2>Wanderempfehlungen Obwalden<\/h2>\n<h3>Engelberg<\/h3>\n<p>Engelberg ist eine der gr\u00f6ssten und beliebtesten Wanderregionen in der Zentralschweiz. Vom Klosterdorf aus starten abwechslungsreiche Touren f\u00fcr alle Geschm\u00e4cker von einfach bis schwierig mit 500 Kilometern Wanderwege.<\/p>\n<p>So ist die <strong>Vier-Seen-Wanderung<\/strong> eine sehr beliebte Wanderung: Von Melchsee Frutt startend f\u00fchrt sie vorbei am Melchsee, Tannensee, Engstlensee und Tr\u00fcbsee, vier sch\u00f6ne tiefblaue Bergseen inmitten der schweizer Zentralalpen bis zum Engelberger Bahnhof. Die Wanderung dauert etwa 4,5 Stunden und eignet sich f\u00fcr erfahrene Wanderer.<\/p>\n<p>Eine andere wundersch\u00f6ne Wanderm\u00f6glichkeit ist der <strong>Walenpfad<\/strong>. Der Walenpfad ist eine mittelschwere Wanderung mit unvergesslichem Panorama und geh\u00f6rt zu einem der sch\u00f6nsten H\u00f6henwege in der Schweiz. <\/p>\n<p>Wer konditionell und technisch fit ist kann von Engelberg startend auch auf den h\u00f6chsten Berg der Zentralschweiz wandern: Den <strong>Titlis<\/strong> (3.239 Meter). <\/p>\n<blockquote><p><a href=\"https:\/\/www.engelberg.ch\/\" rel=\"noopener noreferrer\" target=\"_blank\">Hier<\/a> findest du Informationen zu verschiedenen Wanderungen rund um Engelberg.<\/p><\/blockquote>\n<hr>\n<h2>Wanderempfehlungen Nidwalden<\/h2>\n<h3>Das Stanserhorn<\/h3>\n<p>Das Stanserhorn ist gegen\u00fcber dem Pilatus eine etwas weniger \u00fcberlaufene Variante des Bergaufstiegs in der N\u00e4he von Luzern.<\/p>\n<p>Das Stanserhorn ist ein Berg f\u00fcr alle Anspr\u00fcche. Du kannst sowohl mit der Standseilbahn CabriO nach oben fahren und dort einen einfachen Gipfelrundweg unternehmen oder alternativ auch anspruchsvoller in vier Stunden von Stans auf das Stanserhorn wandern.<\/p>\n<p>Auf jeden Fall sind spektakul\u00e4re Blicke auf Alpenkette und Schweizer Seen garantiert. <\/p>\n<p><b>Anreise:<\/b> Du kannst vom Luzerner Bahnhof in nur 13 Minuten mit dem Zug nach Stans fahren. Wenn du etwas mehr Zeit (und Budget) zur Verf\u00fcgung hast kannst du von Luzern auch ein Schiff nach Stansstad nehmen und von dort aus die Zentralbahn nach Stans nehmen.<\/p>\n<blockquote><p><a href=\"https:\/\/www.stanserhorn.ch\/de\" rel=\"noopener noreferrer\" target=\"_blank\">Hier<\/a> findest du mehr Informationen zu Aktivit\u00e4ten, Unterk\u00fcnften, Einkehrm\u00f6glichkeiten, Bergbahnen und Wetter rund um das Stanserhorn.<\/p><\/blockquote>\n<hr>\n<h3>B\u00fcrgenstock<\/h3>\n<p><img loading=\"lazy\" decoding=\"async\" src=\"https:\/\/thehiketribe.com\/de\/wp-content\/uploads\/Terrasse-Villa-Honegg.jpg\" alt=\"Terrasse Villa Honegg\" width=\"1140\" height=\"600\" class=\"alignnone size-full wp-image-10600\" srcset=\"https:\/\/thehiketribe.com\/de\/wp-content\/uploads\/Terrasse-Villa-Honegg.jpg 1140w, https:\/\/thehiketribe.com\/de\/wp-content\/uploads\/Terrasse-Villa-Honegg-300x158.jpg 300w, https:\/\/thehiketribe.com\/de\/wp-content\/uploads\/Terrasse-Villa-Honegg-768x404.jpg 768w, https:\/\/thehiketribe.com\/de\/wp-content\/uploads\/Terrasse-Villa-Honegg-800x421.jpg 800w, https:\/\/thehiketribe.com\/de\/wp-content\/uploads\/Terrasse-Villa-Honegg-150x79.jpg 150w, https:\/\/thehiketribe.com\/de\/wp-content\/uploads\/Terrasse-Villa-Honegg-360x189.jpg 360w, https:\/\/thehiketribe.com\/de\/wp-content\/uploads\/Terrasse-Villa-Honegg-262x138.jpg 262w, https:\/\/thehiketribe.com\/de\/wp-content\/uploads\/Terrasse-Villa-Honegg-162x85.jpg 162w, https:\/\/thehiketribe.com\/de\/wp-content\/uploads\/Terrasse-Villa-Honegg-100x53.jpg 100w\" sizes=\"(max-width: 1140px) 100vw, 1140px\" \/> Der B\u00fcrgenstock ist ein aussichtsreicher Berg im Kanton Nidwalden. Sein h\u00f6chster Punkt betr\u00e4gt &#8222;lediglich&#8220; 1.128 Meter, ein Tagesausflug auf den B\u00fcrgenstock lohnt sich jedoch, denn es gibt sch\u00f6ne und gem\u00fctliche Wege, um die tolle Landschaft, die geschichtstr\u00e4chtigen Hotels und Resorts, reinste schweizer Bilderbuchpanoramen und leckere Restaurants zu genie\u00dfen.<\/p>\n<p>Ber\u00fchmte Wanderwege sind der <strong>Felsenweg<\/strong>, der entlang der Felswand des B\u00fcrgenstocks verl\u00e4uft und tolle Aussichten auf den Vierwaldst\u00e4ttersee, Luzern, die Rigi und den Pilatus bietet und zur sch\u00f6nen Villa Honegg und Europas h\u00f6chstem freistehenden Lift f\u00fchrt.<\/p>\n<p>Du kannst auch von der Standseilbahnstation auf den B\u00fcrgenstock wandern.<\/p>\n<p>Hier findest du unseren <a href=\"https:\/\/thehiketribe.com\/de\/buergenstock-felsenweg\/\">Felsenweg Tourenbericht<\/a>.<\/p>\n<p><b>Anreise:<\/b> Du kommst mit dem Bus von Stansstad auf den B\u00fcrgenstock zu den Haltestellen B\u00fcrgenstock Ost, B\u00fcrgenstock Waldhotel, B\u00fcrgenstock Zentrum und B\u00fcrgenstock Residenzen. Alternativ kommst du mit dem Shuttle Schiff von Luzern \u00fcber den Vierwaldst\u00e4ttersee bis zur Standseilbahnstation B\u00fcrgenstock Kehrsiten. <\/p>\n<blockquote><p><a href=\"https:\/\/www.buergenstock.ch\/\" rel=\"noopener noreferrer\" target=\"_blank\">Hier<\/a> findest du mehr Informationen zu B\u00fcrgenstock Hotels &#038; Resort.<\/p><\/blockquote>\n<hr>\n<h3>Bruderklausenweg<\/h3>\n<p><img loading=\"lazy\" decoding=\"async\" src=\"https:\/\/thehiketribe.com\/de\/wp-content\/uploads\/Fl\u00fceli-Ranft-Bruder-Klausen-Weg.jpg\" alt=\"\" width=\"1140\" height=\"600\" class=\"alignnone size-full wp-image-11141\" srcset=\"https:\/\/thehiketribe.com\/de\/wp-content\/uploads\/Fl\u00fceli-Ranft-Bruder-Klausen-Weg.jpg 1140w, https:\/\/thehiketribe.com\/de\/wp-content\/uploads\/Fl\u00fceli-Ranft-Bruder-Klausen-Weg-300x158.jpg 300w, https:\/\/thehiketribe.com\/de\/wp-content\/uploads\/Fl\u00fceli-Ranft-Bruder-Klausen-Weg-800x421.jpg 800w, https:\/\/thehiketribe.com\/de\/wp-content\/uploads\/Fl\u00fceli-Ranft-Bruder-Klausen-Weg-768x404.jpg 768w, https:\/\/thehiketribe.com\/de\/wp-content\/uploads\/Fl\u00fceli-Ranft-Bruder-Klausen-Weg-150x79.jpg 150w, https:\/\/thehiketribe.com\/de\/wp-content\/uploads\/Fl\u00fceli-Ranft-Bruder-Klausen-Weg-360x189.jpg 360w, https:\/\/thehiketribe.com\/de\/wp-content\/uploads\/Fl\u00fceli-Ranft-Bruder-Klausen-Weg-262x138.jpg 262w, https:\/\/thehiketribe.com\/de\/wp-content\/uploads\/Fl\u00fceli-Ranft-Bruder-Klausen-Weg-162x85.jpg 162w, https:\/\/thehiketribe.com\/de\/wp-content\/uploads\/Fl\u00fceli-Ranft-Bruder-Klausen-Weg-100x53.jpg 100w\" sizes=\"(max-width: 1140px) 100vw, 1140px\" \/> Bruder Klaus gilt als Schutzpatron der Schweiz und wurde im Jahr 1947 heiliggesprochen. Wenn du bereits in der Schweiz warst bist du vielleicht auf Erz\u00e4hlungen oder auf Orte getroffen, die von Bruder Klaus handeln.<\/p>\n<p>Der Bruderklausenweg ist der Weg, den der Stanser Pfarrer Heimo Amgrund in der Nacht vom 21. auf den 22. Dezember 1481 geritten ist, um sich mit Bruder Klaus zu beraten. So konnte ein B\u00fcrgerkrieg zwischen zwei zerstrittenen Parteien verhindert werden. Der Weg f\u00fchrt \u00fcber Wiesenpfaden und gut ausgeschilderten Wanderwegen vorbei an vielen Aussichtspunkten.<\/p>\n<p>Der sch\u00f6ne Wanderweg startet in <strong>Stans weiter zur Ranft mit den Kapellen<\/strong>, wo Bruder Klaus lebte, und dann nach <strong>Fl\u00fceli-Ranft und Sachseln<\/strong> am Sarnersee. Der Bruderklausenweg ist ein Teil des <strong>Jakobswegs<\/strong> und wird gerne von Pilgerern gewandert oder Menschen, die innekehren wollen. <\/p>\n<p><b>Anreise:<\/b> Du kannst vom Luzerner Bahnhof in nur 13 Minuten mit dem Zug nach Stans fahren.<\/p>\n<hr>\n<h2>Wanderempfehlungen Schwyz<\/h2>\n<h3>Gro\u00dfer Mythen<\/h3>\n<p>Der gro\u00dfe Mythen ist ein sehr dominanter Gipfel, den ich auf dem Panoramaweg auf der Rigi in meine To-Do-Gipfelliste mitaufgenommen habe. <\/p>\n<p>Den gro\u00dfen Mythen kannst du in vier Stunden von Schwyz aus besteigen. Der Aufstieg hat allerdings alpinen Charakter und ist sehr steil, daher brauchst du unbedingt ausreichend Erfahrung. <\/p>\n<p>Von Schwyz aus steigst du \u00fcber Holzegg bis zum Gipfel. W\u00e4hrend dem Aufstieg und auf dem Gipfel hast du einen grandiosen Ausblick: Die Alpen, der Talkessel von Schwyz und Schweizer Seen vom Feinsten.<\/p>\n<p><b>Anreise:<\/b> Es f\u00e4hrt ein direkter Zug von Luzern nach Schwyz. <\/p>\n<hr>\n<h3>Gratwanderung Klingenstock bis Fronalpstock<\/h3>\n<p>Die Wanderung von Klingenstock bis Fronalpstock ist eine wundersch\u00f6ne Gratwanderung mit atemberaubender Aussicht auf die Berg- und Seenwelt der Zentralschweiz und vielf\u00e4ltiger Alpenflora. <\/p>\n<p>Mit der Luftseilbahn von Morschach-Stoos erreichst du Stoos auf 1300 Metern und f\u00e4hrst dann mit der Sesselbahn zum Klingenstock Gipfel. Dort f\u00fchrt der Weg zum Rot Turm und zum Nollen, weiter zum Furggeli und von dort hoch zum Fronalpstock-Gipfel. <\/p>\n<p>Der Weg wurde teilweise in den Fels gehauen und mit Ketten gesichert, daher sind Trittsicherheit und Schwindelfreiheit ein Muss. <\/p>\n<p><b>Anreise:<\/b> Mit dem Zug zum Bahnhof SBB Brunnen, dann mit dem Bus bis zur Talstation Morschach-Stoos.<\/p>\n<hr>\n<p><em>Eine sch\u00f6ner Fernwanderweg rund um den Vierwaldst\u00e4ttersee ist der Waldst\u00e4tterweg. Der Weg f\u00fchrt in sieben Tagesetappen um den Vierwaldst\u00e4ttersee und ist eine tolle und abwechslungsreiche Wanderung in der zentralen Schweiz mit Berg- und Seepanorama.<\/em><\/p>\n<hr>\n<h2>Reisezeit zum Wandern in der Schweiz<\/h2>\n<p>Das Schweizer Wetter ist wechselhaft und es gibt keine Garantien f\u00fcr perfekte Wanderbedingungen zu einer bestimmten Jahreszeit. Das ganze Jahr \u00fcber solltest du mit Regen rechnen und dementsprechend auf deine Wanderausr\u00fcstung darauf abstimmen.<\/p>\n<p>Der Fr\u00fchling ist zwar eher k\u00fchl, daf\u00fcr f\u00e4ngt bereits alles an zu bl\u00fchen, was sch\u00f6ne Farbexplosionen verspricht. <\/p>\n<p>Der Sommer ist warm, aber nicht hei\u00df &#8211; es kann jedoch auch zu Sommergewittern kommen. <\/p>\n<p>Meine Lieblingszeit zum Wandern in der Schweiz ist der Herbst. Die Farben sind beeindruckend sch\u00f6n, wenn die Bl\u00e4tter sich rot, gelb und braun f\u00e4rben und in manchen H\u00f6hen gibt es bereits Schnee, sodass du die wei\u00dfen Gipfel bei deinen Wanderungen bestaunen kannst. Im Herbst musst du deswegen bei Gipfelbesteigungen aufpassen und dich vorab nach den Bedingungen informieren. Nichts ist \u00e4rgerlicher als auf halbem Weg umkehren zu m\u00fcssen, weil man nicht auf Schnee vorbereitet war.<\/p>\n<p>Im Winter wird die Schweiz ein Skiparadies, es gibt aber auch sch\u00f6ne Wanderwege zum sicheren Winterwandern, wie zum Beispiel auf der Rigi mit 35 Kilometern pr\u00e4parierten Winterwanderwegen. Viele Gipfel Wanderwege sind im Winter allerdings gesperrt und die Seilbahnen fahren auch nicht mehr nach oben, informiere dich am Besten vorab.<\/p>\n<hr>\n<h2>Wanderausr\u00fcstung<\/h2>\n<p>F\u00fcr Bergwanderungen und Wanderungen <b>mittleren Schwierigkeitsgrades<\/b> in der Zentralschweiz im <b>Fr\u00fchling, Sommer und Herbst<\/b>, wie ich sie hier gelistet habe, empfehle ich folgende Wanderausr\u00fcstung dabeizuhaben:<\/p>\n<ul>\n<li><b>Tagesrucksack mit Tragesystem:<\/b> Ein Tagesrucksack mit 20 bis 30 Litern hat ausreichend Platz f\u00fcr eine Wanderjacke, einen Fliespulli, Trinken, Proviant und Kamera oder Handy. Breite verstellbare Schulter- und H\u00fcftgurte sind bei 20 bis 30 Litern und einer mehrst\u00fcndigen anspruchsvollen Wanderung ein Muss f\u00fcr den Komfort. Au\u00dferdem hat ein guter Tagesrucksack meist eine praktische Features wie Vorrichtungen f\u00fcr Trinkblasen, einen Regenschutz, oder Halterungen f\u00fcr Wanderst\u00f6cke.\n<\/li>\n<li><b>Gute Wanderschuhe oder Bergschuhe:<\/b> Die wichtigste Ausstattung f\u00fcr jeden Wanderer ist geeignetes Schuhwerk. F\u00fcr befestigte, auch steile Anstiege und hin und wieder losem Untergrund reichen klassische Wanderschuhe mit guter D\u00e4mpfung an der Ferse, H\u00e4rte am Mittelfu\u00df und biegsamer Sohle am Vorderfu\u00df. Wenn du eine anspruchsvollere Wanderung in alpinem Gel\u00e4nde planst, dann probiere es lieber mit einem Bergschuh, der eine dickere und steifere Sohle hat als der klassische Wanderschuh.<\/li>\n<li><b>Wind- und Wasserdichte Kleidung<\/b>: F\u00fcr Wanderungen in der Schweiz w\u00fcrde ich neben einer Wanderhose und Wandershirt aus Funktionsmaterial immer noch einen Fleecepulli, einen Windbreaker und einen Schutz f\u00fcr die Ohren im Rucksack dabei haben, insbesondere wenn du einen Berg besteigst. Wenn Regen droht brauchst du au\u00dferdem eine Hardshelljacke.<\/li>\n<li><b>Wanderst\u00f6cke:<\/b> Auf vielen Wanderungen in der Schweiz ein Plus sind Wanderst\u00f6cke. Insbesondere wenn du viele H\u00f6henmeter bergauf oder bergab gehen musst erleichtern sie dir deine Tour: Sie entlasten die Gelenke, erh\u00f6hen die Trittsicherheit und beugen Verletzungen durch Umknicken vor, vor allem bei M\u00fcdigkeit bei unbest\u00e4ndigem, steinigem und steilem Gel\u00e4nde.<\/li>\n<p><b>Gutes Proviant:<\/b> Zum Einen brauchst du ausreichend Fl\u00fcssigkeitszufuhr. Au\u00dferdem kann das richtige Essen vor und w\u00e4hrend deiner Wanderung deine Energie beeinflussen und ist bei vielen ausschlaggebend f\u00fcr die Leistung. Obst, N\u00fcsse, Sportriegel und ein oder zwei Vollkornbrote mit Frischk\u00e4se und Kr\u00e4utern sind ideal als Energielieferant und Belohnung auf dem Gipfel.<\/li>\n<\/ul>\n<hr>\n<p><em>Diese \u00dcbersicht enth\u00e4lt unsere pers\u00f6nlichen Lieblingswanderungen in der Zentralschweiz. Diese Liste ist kann endlos weiter gef\u00fchrt werden, denn die Schweiz ist ein Outdoorparadies. Vielleicht hast du ja noch den ultimativen Tipp f\u00fcr uns? Hinterlasse gerne einen Kommentar oder schreibe uns eine E-Mail.<\/em><\/p>","protected":false},"excerpt":{"rendered":"<p>Wandern in der Zentralschweiz bedeutet Berggipfel besteigen, auf saftigen Alpwiesen, durch W\u00e4lder und vorbei an Seen wandern und himmlische Aussichten genie\u00dfen. Die Schweiz ist ein Wanderparadies mit unz\u00e4hligen Kilometern markierter und vielf\u00e4ltiger Wanderwege, die die Schokoladenseite dieses sch\u00f6nen Landes zeigen. Wir haben gro\u00dfes Gl\u00fcck Familie in der Schweiz zu haben,<\/p>\n","protected":false},"author":4,"featured_media":11173,"comment_status":"open","ping_status":"closed","sticky":false,"template":"templates\/blogpost-template1.php","format":"standard","meta":{"footnotes":""},"categories":[11],"tags":[],"class_list":["post-11094","post","type-post","status-publish","format-standard","has-post-thumbnail","hentry","category-reiseziele"],"_links":{"self":[{"href":"https:\/\/thehiketribe.com\/de\/wp-json\/wp\/v2\/posts\/11094"}],"collection":[{"href":"https:\/\/thehiketribe.com\/de\/wp-json\/wp\/v2\/posts"}],"about":[{"href":"https:\/\/thehiketribe.com\/de\/wp-json\/wp\/v2\/types\/post"}],"author":[{"embeddable":true,"href":"https:\/\/thehiketribe.com\/de\/wp-json\/wp\/v2\/users\/4"}],"replies":[{"embeddable":true,"href":"https:\/\/thehiketribe.com\/de\/wp-json\/wp\/v2\/comments?post=11094"}],"version-history":[{"count":10,"href":"https:\/\/thehiketribe.com\/de\/wp-json\/wp\/v2\/posts\/11094\/revisions"}],"predecessor-version":[{"id":11185,"href":"https:\/\/thehiketribe.com\/de\/wp-json\/wp\/v2\/posts\/11094\/revisions\/11185"}],"wp:featuredmedia":[{"embeddable":true,"href":"https:\/\/thehiketribe.com\/de\/wp-json\/wp\/v2\/media\/11173"}],"wp:attachment":[{"href":"https:\/\/thehiketribe.com\/de\/wp-json\/wp\/v2\/media?parent=11094"}],"wp:term":[{"taxonomy":"category","embeddable":true,"href":"https:\/\/thehiketribe.com\/de\/wp-json\/wp\/v2\/categories?post=11094"},{"taxonomy":"post_tag","embeddable":true,"href":"https:\/\/thehiketribe.com\/de\/wp-json\/wp\/v2\/tags?post=11094"}],"curies":[{"name":"wp","href":"https:\/\/api.w.org\/{rel}","templated":true}]}}